{"id":195,"date":"2014-04-28T13:42:33","date_gmt":"2014-04-28T11:42:33","guid":{"rendered":"http:\/\/mostracinemavalencia.noblogs.org\/?p=195"},"modified":"2014-04-28T13:49:34","modified_gmt":"2014-04-28T11:49:34","slug":"passe-de-videoconvocatories-antiautoritaries","status":"publish","type":"post","link":"https:\/\/mostracinemavalencia.noblogs.org\/?p=195","title":{"rendered":"Passe de videoconvocat\u00f2ries antiautorit\u00e0ries"},"content":{"rendered":"<p><a href=\"https:\/\/mostracinemavalencia.noblogs.org\/files\/2014\/04\/videoconv.jpg\"><img loading=\"lazy\" decoding=\"async\" class=\"size-medium wp-image-196 alignleft\" alt=\"videoconv\" src=\"https:\/\/mostracinemavalencia.noblogs.org\/files\/2014\/04\/videoconv-190x300.jpg\" width=\"190\" height=\"300\" srcset=\"https:\/\/mostracinemavalencia.noblogs.org\/files\/2014\/04\/videoconv-190x300.jpg 190w, https:\/\/mostracinemavalencia.noblogs.org\/files\/2014\/04\/videoconv.jpg 648w\" sizes=\"auto, (max-width: 190px) 100vw, 190px\" \/><\/a>Es passaran un recull de v\u00eddeos creats per diversos col\u00b7lectius amb la fi de convocar a manifestacions, respostes a desallotjaments, concursos anarquistes&#8230; Aquestos v\u00eddeos suposen una \u201cnova\u201d forma de comunicaci\u00f3 entre persones i col\u00b7lectius sense rec\u00f3rrer a les formes purament liter\u00e0ries o als cartells. Creiem que son una mostra de l&#8217;apropiaci\u00f3 dels mitjans audiovisuals per tal de potenciar la participaci\u00f3 de les persones en les distintes mobilitzacions, encara que moltes vegades tinguen pur inter\u00e8s est\u00e8tic i passen a quedar oblidats en l&#8217;oce\u00e0 d&#8217;Internet.<\/p>\n<p>&nbsp;<\/p>\n<p><strong><\/strong><strong>Projecci\u00f3 el diumenge18 de maig a les 18:00h<\/strong><\/p>\n","protected":false},"excerpt":{"rendered":"<p>Es passaran un recull de v\u00eddeos creats per diversos col\u00b7lectius amb la fi de convocar a manifestacions, respostes a desallotjaments, concursos anarquistes&#8230; Aquestos v\u00eddeos suposen una \u201cnova\u201d forma de comunicaci\u00f3 entre persones i col\u00b7lectius sense rec\u00f3rrer a les formes purament liter\u00e0ries o als cartells. Creiem que son una mostra de l&#8217;apropiaci\u00f3 dels mitjans audiovisuals per [&hellip;]<\/p>\n","protected":false},"author":6441,"featured_media":0,"comment_status":"open","ping_status":"open","sticky":false,"template":"","format":"standard","meta":{"footnotes":""},"categories":[16,4],"tags":[],"class_list":["post-195","post","type-post","status-publish","format-standard","hentry","category-comunicacio","category-lluita-social"],"_links":{"self":[{"href":"https:\/\/mostracinemavalencia.noblogs.org\/index.php?rest_route=\/wp\/v2\/posts\/195","targetHints":{"allow":["GET"]}}],"collection":[{"href":"https:\/\/mostracinemavalencia.noblogs.org\/index.php?rest_route=\/wp\/v2\/posts"}],"about":[{"href":"https:\/\/mostracinemavalencia.noblogs.org\/index.php?rest_route=\/wp\/v2\/types\/post"}],"author":[{"embeddable":true,"href":"https:\/\/mostracinemavalencia.noblogs.org\/index.php?rest_route=\/wp\/v2\/users\/6441"}],"replies":[{"embeddable":true,"href":"https:\/\/mostracinemavalencia.noblogs.org\/index.php?rest_route=%2Fwp%2Fv2%2Fcomments&post=195"}],"version-history":[{"count":4,"href":"https:\/\/mostracinemavalencia.noblogs.org\/index.php?rest_route=\/wp\/v2\/posts\/195\/revisions"}],"predecessor-version":[{"id":207,"href":"https:\/\/mostracinemavalencia.noblogs.org\/index.php?rest_route=\/wp\/v2\/posts\/195\/revisions\/207"}],"wp:attachment":[{"href":"https:\/\/mostracinemavalencia.noblogs.org\/index.php?rest_route=%2Fwp%2Fv2%2Fmedia&parent=195"}],"wp:term":[{"taxonomy":"category","embeddable":true,"href":"https:\/\/mostracinemavalencia.noblogs.org\/index.php?rest_route=%2Fwp%2Fv2%2Fcategories&post=195"},{"taxonomy":"post_tag","embeddable":true,"href":"https:\/\/mostracinemavalencia.noblogs.org\/index.php?rest_route=%2Fwp%2Fv2%2Ftags&post=195"}],"curies":[{"name":"wp","href":"https:\/\/api.w.org\/{rel}","templated":true}]}}